[{"@context":"https:\/\/schema.org\/","@type":"Article","@id":"https:\/\/www.eldo-cl.cz\/barvy-podzimu\/#Article","mainEntityOfPage":"https:\/\/www.eldo-cl.cz\/barvy-podzimu\/","headline":"Barvy podzimu","name":"Barvy podzimu","description":"U\u017e od d\u011btstv\u00ed se u\u010d\u00edme, jak\u00e9 barvy pat\u0159\u00ed ke kter\u00e9mu ro\u010dn\u00edmu obdob\u00ed. I d\u00edt\u011b v\u00a0mate\u0159sk\u00e9 \u0161kolce v\u00e1m pov\u00ed, \u017ee z\u00e1kladn\u00ed barvou podzimu jsou \u010derven\u00e1, oran\u017eov\u00e1, \u017elut\u00e1, a pokud se i vy r\u00e1da nech\u00e1v\u00e1te inspirovat jednoduchost\u00ed, m\u011bla byste se zahalit do stejn\u00e9ho h\u00e1vu, do jak\u00e9ho se","datePublished":"2023-04-27","dateModified":"2023-04-27","author":{"@type":"Person","@id":"https:\/\/www.eldo-cl.cz\/author\/#Person","name":"eldo-cl.cz\n","url":"https:\/\/www.eldo-cl.cz\/author\/","identifier":1,"image":{"@type":"ImageObject","@id":"https:\/\/secure.gravatar.com\/avatar\/6b1978a802e1d2522476d4f1a954a19e989b74ba84b3e15a182efb651cc75097?s=96&d=mm&r=g","url":"https:\/\/secure.gravatar.com\/avatar\/6b1978a802e1d2522476d4f1a954a19e989b74ba84b3e15a182efb651cc75097?s=96&d=mm&r=g","height":96,"width":96}},"publisher":{"@type":"Organization","name":"eldo-cl.cz","logo":{"@type":"ImageObject","@id":"\/logo.png","url":"\/logo.png","width":600,"height":60}},"url":"https:\/\/www.eldo-cl.cz\/barvy-podzimu\/","about":["M\u00f3da"],"wordCount":475,"articleBody":"U\u017e od d\u011btstv\u00ed se u\u010d\u00edme, jak\u00e9 barvy pat\u0159\u00ed ke kter\u00e9mu ro\u010dn\u00edmu obdob\u00ed. I d\u00edt\u011b v\u00a0mate\u0159sk\u00e9 \u0161kolce v\u00e1m pov\u00ed, \u017ee z\u00e1kladn\u00ed barvou podzimu jsou \u010derven\u00e1, oran\u017eov\u00e1, \u017elut\u00e1, a pokud se i vy r\u00e1da nech\u00e1v\u00e1te inspirovat jednoduchost\u00ed, m\u011bla byste se zahalit do stejn\u00e9ho h\u00e1vu, do jak\u00e9ho se od\u00edv\u00e1 p\u0159\u00edroda okolo n\u00e1s. M\u00f3dn\u00ed n\u00e1vrh\u00e1\u0159i se letos nechali inspirovat p\u0159ev\u00e1\u017en\u011b hn\u011bd\u00fdmi a\u017e b\u00e9\u017eov\u00fdmi barvami s\u00a0jedn\u00edm nebo dv\u011bma v\u00fdrazn\u00fdmi dopl\u0148ky. Nap\u0159\u00edklad dlouh\u00e1 b\u00e9\u017eov\u00e1 sukn\u011b, o n\u011bco tmav\u0161\u00ed b\u00e9\u017eovo-hn\u011bd\u00fd kab\u00e1t, ale jasn\u011b rud\u00e1 spona do vlas\u016f nebo v\u00fdrazn\u00fd \u0161perk na krku, tohle je jenom jeden z\u00a0mnoha trend\u016f leto\u0161n\u00edho podzimu.\tSukn\u011b, kab\u00e1ty a kost\u00fdmyA jak\u00e9 konkr\u00e9tn\u00ed kousky oble\u010den\u00ed jsou in tento podzim? Otev\u0159ete sv\u016fj \u0161atn\u00edk a po\u0159\u00e1dn\u011b prozkoumejte, co v\u00a0n\u011bm je: jste p\u0159ipraven\u00e1 n\u011bco z\u00a0toho odlo\u017eit a tuto sezonu nepou\u017e\u00edt? Je naopak n\u011bco, co jste na sob\u011b nem\u011bla u\u017e n\u011bkolik sezon, ale st\u00e1le to schov\u00e1v\u00e1te, kdyby n\u00e1hodou? P\u0159em\u00fd\u0161l\u00edte, do kter\u00e9ho butiku zaj\u00edt a co si tam po\u0159\u00eddit? Poj\u010fme si spole\u010dn\u011b shrnout, co byste si ur\u010dit\u011b m\u011bla vz\u00edt mezi z\u00e1\u0159\u00edm a prosincem na sebe:\u00b7\u00a0\u00a0\u00a0\u00a0\u00a0\u00a0\u00a0\u00a0 Dlouh\u00e9 sukn\u011b do p\u016fl l\u00fdtek a\u017e nad kotn\u00edky!\u00b7\u00a0\u00a0\u00a0\u00a0\u00a0\u00a0\u00a0\u00a0 Overaly, kter\u00e9 ve\u0161ly do m\u00f3dy p\u00e1r sezon zp\u00e1tky, jejich n\u00e1vrat je ale pomal\u00fd a velmi postupn\u00fd. Nebojte se znovu objevit d\u00e1vno objeven\u00e9!\u00b7\u00a0\u00a0\u00a0\u00a0\u00a0\u00a0\u00a0\u00a0 Bundy v\u00a0army nebo leteck\u00e9m stylu \u2013 ale nebojte se, najdete r\u016fzn\u00e9 design\u00e9rsk\u00e9 \u00fapravy, nemus\u00edte se podvolovat nudn\u00e9 jednolit\u00e9 barv\u011b! Velmi modern\u00ed jsou tyto bundy s\u00a0um\u011blou ko\u017ee\u0161inou.\u00b7\u00a0\u00a0\u00a0\u00a0\u00a0\u00a0\u00a0\u00a0 Retro styl je in! Kalhotov\u00e9 kost\u00fdmy nejsou z\u00e1le\u017eitost\u00ed d\u00e1vno minulou, naopak. V\u00a0leto\u0161n\u00ed sezon\u011b se i kostkovan\u00e9 kalhotov\u00e9 kost\u00fdmy st\u00e1vaj\u00ed znovu cool.\u00b7\u00a0\u00a0\u00a0\u00a0\u00a0\u00a0\u00a0\u00a0 Kv\u011btinov\u00e9 vzory! A\u010dkoli se jedn\u00e1 sp\u00ed\u0161e o jarn\u00ed motiv, n\u00e1vrh\u00e1\u0159i se rozhodli postavit se proti p\u0159irozen\u00e9mu cyklu a o\u017eivit kv\u011bty v\u00a0dob\u011b, kdy ty v\u00a0na\u0161ich zahrad\u00e1ch u\u017e odkvetly. Takhle budete m\u00edt pocit, \u017ee je st\u00e1le v\u0161echno v\u00a0rozpuku!\tJak\u00e9 barvy jsou tedy v\u00a0m\u00f3d\u011b?Krom\u011b v\u00fdrazn\u011b barevn\u00e9ho dopl\u0148ku je v\u00a0m\u00f3d\u011b hlavn\u011b metalicky zlat\u00e1 barva \u2013 a to hlav\u011b kab\u00e1t\u016f a top\u016f. Pokud m\u00e1te odvahu a je-li podzim je\u0161t\u011b pom\u011brn\u011b tepl\u00fd, m\u016f\u017eete na podzim vyt\u00e1hnout n\u011bkter\u00e9 jarn\u00ed kousky, nejl\u00e9pe ty, je\u017e maj\u00ed v\u00fdst\u0159ihy ozdoben\u00e9 vol\u00e1nky, proto\u017ee ty jsou rovn\u011b\u017e velk\u00fdm trendem podzimu 2016.                                                                                                                                                                                                                                                                                                                                                                                        3.8\/5 - (5 votes)        "},{"@context":"https:\/\/schema.org\/","@type":"BreadcrumbList","itemListElement":[{"@type":"ListItem","position":1,"name":"Barvy podzimu","item":"https:\/\/www.eldo-cl.cz\/barvy-podzimu\/#breadcrumbitem"}]}]