[{"@context":"https:\/\/schema.org\/","@type":"Article","@id":"https:\/\/www.eldo-cl.cz\/domov-s-pohodlnym-sezenim\/#Article","mainEntityOfPage":"https:\/\/www.eldo-cl.cz\/domov-s-pohodlnym-sezenim\/","headline":"Domov s  pohodln\u00fdm sezen\u00edm","name":"Domov s  pohodln\u00fdm sezen\u00edm","description":"Za\u0159izov\u00e1n\u00ed vlastn\u00edho bydlen\u00ed je v\u017edy velk\u00e1 ud\u00e1lost. Kone\u010dn\u011b m\u016f\u017eeme uplatnit sv\u00e9 sny, kdy jsme p\u0159i n\u00e1v\u0161t\u011bv\u00e1ch obchodn\u00edch dom\u016f s n\u00e1bytkem snili o tom, co si jednou do sv\u00e9ho bytu koup\u00edme. A nyn\u00ed je ta chv\u00edle. Najednou bychom cht\u011bli to a i tohle, j\u00e9 a tamto","datePublished":"2025-02-25","dateModified":"2023-04-27","author":{"@type":"Person","@id":"https:\/\/www.eldo-cl.cz\/author\/#Person","name":"eldo-cl.cz\n","url":"https:\/\/www.eldo-cl.cz\/author\/","identifier":1,"image":{"@type":"ImageObject","@id":"https:\/\/secure.gravatar.com\/avatar\/6b1978a802e1d2522476d4f1a954a19e989b74ba84b3e15a182efb651cc75097?s=96&d=mm&r=g","url":"https:\/\/secure.gravatar.com\/avatar\/6b1978a802e1d2522476d4f1a954a19e989b74ba84b3e15a182efb651cc75097?s=96&d=mm&r=g","height":96,"width":96}},"publisher":{"@type":"Organization","name":"eldo-cl.cz","logo":{"@type":"ImageObject","@id":"\/logo.png","url":"\/logo.png","width":600,"height":60}},"image":{"@type":"ImageObject","@id":"https:\/\/www.eldo-cl.cz\/wp-content\/uploads\/img_a306593_w1707_t1517906534.jpg","url":"https:\/\/www.eldo-cl.cz\/wp-content\/uploads\/img_a306593_w1707_t1517906534.jpg","height":0,"width":0},"url":"https:\/\/www.eldo-cl.cz\/domov-s-pohodlnym-sezenim\/","about":["D\u016fm a zahrada"],"wordCount":432,"articleBody":"Za\u0159izov\u00e1n\u00ed vlastn\u00edho bydlen\u00ed je v\u017edy velk\u00e1 ud\u00e1lost. Kone\u010dn\u011b m\u016f\u017eeme uplatnit sv\u00e9 sny, kdy jsme p\u0159i n\u00e1v\u0161t\u011bv\u00e1ch obchodn\u00edch dom\u016f s n\u00e1bytkem snili o tom, co si jednou do sv\u00e9ho bytu koup\u00edme. A nyn\u00ed je ta chv\u00edle. Najednou bychom cht\u011bli to a i tohle, j\u00e9 a tamto by bylo taky moc hezk\u00e9. Po takov\u00e9m dni, kdy jsme pro\u0161li mnoho expozic s n\u00e1bytkem, si sedneme a najednou nev\u00edme, co by bylo lep\u0161\u00ed. Sv\u00e9 n\u00e1m diktuje i rozpo\u010det, kter\u00fd zejm\u00e9na u mlad\u00fdch p\u00e1r\u016f nen\u00ed z\u00e1vratn\u00fd.Je nutn\u00e9 se po\u0159\u00e1dn\u011b zamyslet, zda za\u0159izujeme p\u0159edv\u00e1d\u011bc\u00ed salon nebo byt, kter\u00fd n\u00e1m m\u00e1 slou\u017eit pohodl\u00edm a pocitem z\u00e1zem\u00ed. To, co je hezk\u00e9 na obr\u00e1zku nebo vystaven\u00e9 ve v\u00fdkladu je sice kr\u00e1sn\u00e9, designov\u011b vyt\u0159\u00edben\u00e9, ale nikde nen\u00ed jist\u00e9, \u017ee zrovna n\u00e1m bude tento model dob\u0159e slou\u017eit. Je t\u0159eba si uv\u011bdomit, k \u010demu chceme, aby n\u00e1m ob\u00fdvac\u00ed pokoj slou\u017eil. Zda m\u00e1me ka\u017ed\u00fd ve\u010der n\u00e1v\u0161t\u011bvu o deseti lidech nebo zda si tou\u017e\u00edme posed\u011bt si v klidu rodiny a odpo\u010dinout si po \u00fanavn\u00e9m dni. Zda m\u00e1me zv\u00ed\u0159ata, mal\u00e9 d\u011bti, jestli chceme denn\u011b pracn\u011b ukl\u00edzet nebo bychom r\u00e1di, aby n\u00e1bytek sp\u00ed\u0161 slou\u017eil n\u00e1m.Podle \u010deho vyb\u00e1r\u00e1me seda\u010dku1\/ podle vlastn\u00edho vkusu, zda t\u00edhneme k modern\u011b nebo m\u00e1me r\u00e1di sp\u00ed\u0161 retro2\/ zda d\u00e1me p\u0159ednost l\u00e1tkov\u00e9mu \u010daloun\u011bn\u00ed p\u0159ed ko\u017een\u00fdm nebo ko\u017eenkov\u00fdm potahem3\/ d\u016fle\u017eit\u00e1 je velikost a tvar sedac\u00ed soupravy vzhledem k velikosti m\u00edstnosti4\/ p\u0159em\u00fd\u0161l\u00edme, zda koupit seda\u010dku vcelku nebo v n\u011bkolika kusech5\/ zab\u00fdv\u00e1me se cenou, aby byla p\u0159\u00edzniv\u00e1 i za cenu, \u017ee chceme, aby n\u00e1m slou\u017eila del\u0161\u00ed \u010das6\/ p\u0159em\u00fd\u0161l\u00edme i o nej\u010dast\u011bj\u0161\u00edm pou\u017eit\u00ed sezen\u00ed, zda zde budeme p\u0159ev\u00e1\u017en\u011b sed\u011bt nebo si chceme i lehnout k sledov\u00e1n\u00ed televize7\/ pokud uva\u017eujeme o p\u0159\u00edle\u017eitostn\u00e9m span\u00ed, vol\u00edme rozkl\u00e1dac\u00ed variantu8\/ zkus\u00edme si na sedac\u00edm n\u00e1bytku chvilku posed\u011bt, ohodnot\u00edme tvrdost sezen\u00ed a pohodlnost op\u011bradel9\/ vyu\u017eijeme nab\u00eddky obchod\u016f, kdy n\u00e1m m\u016f\u017ee pomoci bytov\u00fd architekt, kter\u00fd dok\u00e1\u017ee l\u00e9pe navrhnout vyu\u017et\u00ed m\u00edsta, kter\u00e9 m\u00e1me a porad\u00ed                                                                                                                                                                                                                                                                                                                                                                                        3.6\/5 - (8 votes)        "},{"@context":"https:\/\/schema.org\/","@type":"BreadcrumbList","itemListElement":[{"@type":"ListItem","position":1,"name":"Domov s  pohodln\u00fdm sezen\u00edm","item":"https:\/\/www.eldo-cl.cz\/domov-s-pohodlnym-sezenim\/#breadcrumbitem"}]}]