[{"@context":"https:\/\/schema.org\/","@type":"Article","@id":"https:\/\/www.eldo-cl.cz\/galerie-umeni-pro-deti\/#Article","mainEntityOfPage":"https:\/\/www.eldo-cl.cz\/galerie-umeni-pro-deti\/","headline":"Galerie um\u011bn\u00ed pro d\u011bti","name":"Galerie um\u011bn\u00ed pro d\u011bti","description":"Dne\u0161n\u00ed doma, kdy d\u011bti v\u00a0takzvan\u00e9m baby boomu dor\u016fstaj\u00ed do v\u011bku, kdy u\u017e se zaj\u00edmaj\u00ed o v\u011bci kolem sebe, p\u0159in\u00e1\u0161\u00ed mnoho nov\u00fdch zaj\u00edmav\u00fdch po\u010din\u016f. Vznikaj\u00ed nov\u00e1 muzea a nov\u00e9 galerie, kter\u00e9 se zam\u011b\u0159uj\u00ed p\u0159\u00edmo na d\u011bti. Jedn\u00edm z\u00a0takov\u00fdch po\u010din\u016f je nap\u0159\u00edklad i Galerie um\u011bn\u00ed pro d\u011bti","datePublished":"2023-04-27","dateModified":"2023-04-27","author":{"@type":"Person","@id":"https:\/\/www.eldo-cl.cz\/author\/#Person","name":"eldo-cl.cz\n","url":"https:\/\/www.eldo-cl.cz\/author\/","identifier":1,"image":{"@type":"ImageObject","@id":"https:\/\/secure.gravatar.com\/avatar\/6b1978a802e1d2522476d4f1a954a19e989b74ba84b3e15a182efb651cc75097?s=96&d=mm&r=g","url":"https:\/\/secure.gravatar.com\/avatar\/6b1978a802e1d2522476d4f1a954a19e989b74ba84b3e15a182efb651cc75097?s=96&d=mm&r=g","height":96,"width":96}},"publisher":{"@type":"Organization","name":"eldo-cl.cz","logo":{"@type":"ImageObject","@id":"\/logo.png","url":"\/logo.png","width":600,"height":60}},"url":"https:\/\/www.eldo-cl.cz\/galerie-umeni-pro-deti\/","about":["Kultura"],"wordCount":449,"articleBody":"Dne\u0161n\u00ed doma, kdy d\u011bti v\u00a0takzvan\u00e9m baby boomu dor\u016fstaj\u00ed do v\u011bku, kdy u\u017e se zaj\u00edmaj\u00ed o v\u011bci kolem sebe, p\u0159in\u00e1\u0161\u00ed mnoho nov\u00fdch zaj\u00edmav\u00fdch po\u010din\u016f. Vznikaj\u00ed nov\u00e1 muzea a nov\u00e9 galerie, kter\u00e9 se zam\u011b\u0159uj\u00ed p\u0159\u00edmo na d\u011bti. Jedn\u00edm z\u00a0takov\u00fdch po\u010din\u016f je nap\u0159\u00edklad i Galerie um\u011bn\u00ed pro d\u011bti \u2013 GUD.S\u00eddl\u00ed v\u00a0Praze, v\u00a0t\u011bsn\u00e9 bl\u00edzkosti Starom\u011bstsk\u00e9ho n\u00e1m\u011bst\u00ed, tak\u017ee p\u0159\u00edmo v\u00a0sam\u00e9m centru. Uvnit\u0159 ale ne\u010dekejte ruch, shon, spoustu turist\u016f a zmatek. Naopak. Hned po p\u0159\u00edchodu na v\u00e1s d\u00fdchne atmosf\u00e9ra klidu a o\u00e1zy v\u00fdtvarn\u00e9ho um\u011bn\u00ed uprost\u0159ed Prahy. Vstupn\u00e9 sice nen\u00ed z\u00a0nejlevn\u011bj\u0161\u00edch, ov\u0161em n\u00e1v\u0161t\u011bva v\u017edy stoj\u00ed za to. Nen\u00ed \u010dasov\u011b omezen\u00e1 a tak m\u016f\u017eete v\u00a0Galerii um\u011bn\u00ed pro d\u011bti str\u00e1vit klidn\u011b i cel\u00e9 odpoledne.Pt\u00e1te se, co byste asi tak d\u011blali na v\u00fdstav\u011b cel\u00e9 odpoledne? Pamatujete si v\u00fdstavy ze sv\u00e9ho d\u011btstv\u00ed, kdy jste trp\u011bli v\u00a0n\u011bjak\u00e9m muzeu, prohl\u00ed\u017eeli si nudn\u00e9 expon\u00e1ty nebo \u010detli nez\u00e1\u017eivn\u011b psan\u00e9 cedulky a doufali, \u017ee u\u017e prohl\u00eddka skon\u010d\u00ed? Takhle tomu tady ov\u0161em nen\u00ed. Naopak. V\u0161e je vytvo\u0159en\u00e9 p\u0159\u00edmo pro zv\u00eddav\u00e9 d\u011bti, a \u010d\u00edm v\u00edce se do v\u00fdstavy zapoj\u00ed, t\u00edm l\u00e9pe. V\u00fdstavy jsou \u010dasto rozd\u011bleny do n\u011bkolika \u010d\u00e1st\u00ed. V\u00a0n\u011bkolika men\u0161\u00edch m\u00edstnostech na d\u011bti \u010dek\u00e1 spousta p\u0159ekvapen\u00ed a \u00fakol\u016f. \u010casto si z\u00a0v\u00fdstavy odn\u00e1\u0161ej\u00ed i n\u011bjak\u00fd v\u00fdrobek \u010di obr\u00e1zek dom\u016f. V\u00fdstava je v\u017edy interaktivn\u00ed a velice z\u00e1bavn\u00e1. D\u011bti mohou nap\u0159\u00edklad dotv\u00e1\u0159et n\u011bkter\u00e1 v\u00fdtvarn\u00e1 d\u00edla, mohou na v\u00fdtvory \u0161ahat, maj\u00ed k dispozici odpo\u010dinkovou z\u00f3nu, kde si mohou \u010d\u00edst nebo prohl\u00ed\u017eet knihy a jin\u00e9 materi\u00e1ly k\u00a0t\u00e9matu. Na strop\u011b je p\u0159ipevn\u011bna s\u00ed\u0165, po kter\u00e9 se mohou prol\u00e9zt a pohr\u00e1t si tam s\u00a0m\u00ed\u010dem \u010di naj\u00edt schovan\u00fd \u00fakol na pap\u00edrku.\u00a0 V\u00a0galerii um\u011bn\u00ed je zkr\u00e1tka v\u017edy co d\u011blat a zabav\u00ed se tu d\u011bti u\u017e od 3 let.A jak\u00e9\u017ee v\u00fdstavy tato galerie po\u0159\u00e1d\u00e1? V\u00a0minulosti to byla t\u0159eba v\u00fdstava Radka Pila\u0159e (Cip\u00edsek), v\u00fdstava Kv\u011btina, Tajemstv\u00ed \u010cty\u0159l\u00edstku, Byl jednou jeden kr\u00e1l Karel IV a mnoho jin\u00fdch. V\u00a0galerii je mo\u017eno tak\u00e9 nav\u0161t\u011bvovat pravideln\u00e9 i n\u00e1razov\u00e9, velice zaj\u00edmav\u00e9 workshopy.                                                                                                                                                                                                                                                                                                                                                                                        4.5\/5 - (2 votes)        "},{"@context":"https:\/\/schema.org\/","@type":"BreadcrumbList","itemListElement":[{"@type":"ListItem","position":1,"name":"Galerie um\u011bn\u00ed pro d\u011bti","item":"https:\/\/www.eldo-cl.cz\/galerie-umeni-pro-deti\/#breadcrumbitem"}]}]