[{"@context":"https:\/\/schema.org\/","@type":"Article","@id":"https:\/\/www.eldo-cl.cz\/mit-klimatizaci-v-praze-se-vyplati\/#Article","mainEntityOfPage":"https:\/\/www.eldo-cl.cz\/mit-klimatizaci-v-praze-se-vyplati\/","headline":"M\u00edt klimatizaci v Praze se vyplat\u00ed","name":"M\u00edt klimatizaci v Praze se vyplat\u00ed","description":"A\u010dkoliv se \u010cesk\u00e1 republika nach\u00e1z\u00ed v m\u00edrn\u00e9m p\u00e1su, dok\u00e1\u017eou zde b\u00fdt p\u0159es letn\u00ed m\u011bs\u00edce \u00famorn\u00e1 horka. Jak je mo\u017en\u00e9 t\u011bmto vedr\u016fm p\u0159edej\u00edt? Bohu\u017eel nikoliv, nebo\u0165 to ovliv\u0148uje jen a pouze p\u0159\u00edroda. Co je v\u0161ak d\u016fle\u017eit\u00e9, je v\u011bd\u011bt, jak\u00fdm zp\u016fsobem je mo\u017en\u00e9 zm\u00edrnit n\u00e1sledky, respektive p\u0159\u00edm\u00e9","datePublished":"2019-07-13","dateModified":"2023-04-27","author":{"@type":"Person","@id":"https:\/\/www.eldo-cl.cz\/author\/#Person","name":"eldo-cl.cz\n","url":"https:\/\/www.eldo-cl.cz\/author\/","identifier":1,"image":{"@type":"ImageObject","@id":"https:\/\/secure.gravatar.com\/avatar\/6b1978a802e1d2522476d4f1a954a19e989b74ba84b3e15a182efb651cc75097?s=96&d=mm&r=g","url":"https:\/\/secure.gravatar.com\/avatar\/6b1978a802e1d2522476d4f1a954a19e989b74ba84b3e15a182efb651cc75097?s=96&d=mm&r=g","height":96,"width":96}},"publisher":{"@type":"Organization","name":"eldo-cl.cz","logo":{"@type":"ImageObject","@id":"\/logo.png","url":"\/logo.png","width":600,"height":60}},"image":{"@type":"ImageObject","@id":"https:\/\/www.eldo-cl.cz\/wp-content\/uploads\/img_a352115_w1707_t1566589928.jpg","url":"https:\/\/www.eldo-cl.cz\/wp-content\/uploads\/img_a352115_w1707_t1566589928.jpg","height":0,"width":0},"url":"https:\/\/www.eldo-cl.cz\/mit-klimatizaci-v-praze-se-vyplati\/","about":["Podnik\u00e1n\u00ed"],"wordCount":436,"articleBody":"      A\u010dkoliv se \u010cesk\u00e1 republika nach\u00e1z\u00ed v m\u00edrn\u00e9m p\u00e1su, dok\u00e1\u017eou zde b\u00fdt p\u0159es letn\u00ed m\u011bs\u00edce \u00famorn\u00e1 horka. Jak je mo\u017en\u00e9 t\u011bmto vedr\u016fm p\u0159edej\u00edt? Bohu\u017eel nikoliv, nebo\u0165 to ovliv\u0148uje jen a pouze p\u0159\u00edroda. Co je v\u0161ak d\u016fle\u017eit\u00e9, je v\u011bd\u011bt, jak\u00fdm zp\u016fsobem je mo\u017en\u00e9 zm\u00edrnit n\u00e1sledky, respektive p\u0159\u00edm\u00e9 \u00fa\u010dinky t\u011bchto veder. Pro tyto \u00fa\u010dely toti\u017e vznikla klimatizace, kter\u00e1 dok\u00e1\u017ee opravdov\u00e9 divy. S t\u00edmto za\u0159\u00edzen\u00edm ji\u017e nebudete muset \u0159e\u0161it, jak\u00e1 je v exteri\u00e9ru teplota. Za ka\u017ed\u00e9ho po\u010das\u00ed, za v\u0161ech okolnost\u00ed si budete moci nastavit teplotu, kter\u00e1 je v\u00e1m komfortn\u00ed, a tu bude klimatizace udr\u017eovat.   Vyplat\u00ed se tohle za\u0159\u00edzen\u00ed i pro dom\u00e1cnosti? Pokud si r\u00e1di u\u017e\u00edv\u00e1te sv\u00e9ho komfortu, a cht\u011bli byste, aby alespo\u0148 va\u0161e dom\u00e1cnost z\u016fstala m\u00edstem, kde v\u00e1m bude v\u017edy p\u0159\u00edjemn\u011b, a\u0165 u\u017e se bude d\u00edt cokoliv, m\u011bli byste si tohle za\u0159\u00edzen\u00ed vskutku po\u0159\u00eddit. A\u010dkoliv investice do klimatizace v Praze nemus\u00ed b\u00fdt zrovna n\u00edzk\u00e1, je to v ka\u017ed\u00e9m p\u0159\u00edpad\u011b investice, za kterou budete vd\u011b\u010dn\u00ed. Dop\u0159ejete si toti\u017e za\u0159\u00edzen\u00ed, kter\u00e9 m\u00e1 re\u00e1ln\u00fd u\u017eitek, a to nejenom pro v\u00e1s, ale tak\u00e9 pro v\u0161echny n\u00e1v\u0161t\u011bvn\u00edky nebo ostatn\u00ed obyvatele, by\u0165 to jsou jenom t\u0159eba zv\u00ed\u0159ata.   Bude v\u00e1m p\u0159\u00edjemn\u011b za v\u0161ech okolnost\u00ed Vyu\u017e\u00edt tohoto \u0159e\u0161en\u00ed je vhodn\u00e9 ve v\u0161ech interi\u00e9rech, o kter\u00fdch v\u00edte, \u017ee je v nich p\u0159es letn\u00ed obdob\u00ed nesnesiteln\u00e9 horko. M\u016f\u017ee se p\u0159itom jednat i o nov\u00fd d\u016fm, kter\u00fd je v\u0161ak ne\u0161ikovn\u011b orientov\u00e1n a nen\u00ed vhodn\u011b izolov\u00e1n od vn\u011bj\u0161\u00edch teplot. Pak velmi r\u00e1di vyu\u017eijete za\u0159\u00edzen\u00ed, kter\u00e9 si zamilujete z mnoha r\u016fzn\u00fdch d\u016fvod\u016f: \u2013 Nastaven\u00ed teploty, kter\u00e1 v\u00e1m bude komfortn\u00ed, a to nejenom do z\u00e1porn\u00fdch, ale tak\u00e9 kladn\u00fdch hodnot oproti venkovn\u00edm teplot\u00e1m \u2013 Mo\u017enost d\u00e1lkov\u00e9ho ovl\u00e1d\u00e1n\u00ed a nastaven\u00ed r\u016fzn\u00fdch re\u017eim\u016f, kter\u00e9 ud\u011blaj\u00ed z tohoto za\u0159\u00edzen\u00ed je\u0161t\u011b o kus obl\u00edben\u011bj\u0161\u00ed z\u00e1le\u017eitost \u2013 Jednoduch\u00e1 instalace, respektive minim\u00e1ln\u00ed z\u00e1sah do celkov\u00e9ho designu m\u00edstnosti Zapome\u0148te na ne\u00fa\u010dinn\u00fd ventil\u00e1tor, ale po\u0159i\u010fte si spot\u0159ebi\u010d, kter\u00fd v\u00e1m poskytne p\u0159\u00edjemn\u00e9 teploty bez ohledu na exteri\u00e9r.                                                                                                                                                                                                                                                                                                                                                                                          4.8\/5 - (5 votes)        "},{"@context":"https:\/\/schema.org\/","@type":"BreadcrumbList","itemListElement":[{"@type":"ListItem","position":1,"name":"M\u00edt klimatizaci v Praze se vyplat\u00ed","item":"https:\/\/www.eldo-cl.cz\/mit-klimatizaci-v-praze-se-vyplati\/#breadcrumbitem"}]}]