[{"@context":"https:\/\/schema.org\/","@type":"Article","@id":"https:\/\/www.eldo-cl.cz\/poridte-si-zimni-zahrady\/#Article","mainEntityOfPage":"https:\/\/www.eldo-cl.cz\/poridte-si-zimni-zahrady\/","headline":"Po\u0159i\u010fte si zimn\u00ed zahrady!","name":"Po\u0159i\u010fte si zimn\u00ed zahrady!","description":"Cht\u011bli byste n\u011bjak\u00fdm zp\u016fsobem o\u017eivit a zkr\u00e1\u0161lit v\u00e1\u0161 d\u016fm? S realizac\u00ed na\u0161\u00ed zimn\u00ed zahrady dok\u00e1\u017eete nejen to, tyto zahrady ozvl\u00e1\u0161tn\u00ed exteri\u00e9r i interi\u00e9r va\u0161eho domu, vnesou do n\u011bj zcela nov\u00fd a o\u017eivuj\u00edc\u00ed prvek. Budete p\u0159\u00edmo spjati s p\u0159\u00edrodou a to po cel\u00fd rok. Na\u0161e olomouck\u00e1","datePublished":"2025-02-15","dateModified":"2025-02-15","author":{"@type":"Person","@id":"https:\/\/www.eldo-cl.cz\/author\/#Person","name":"eldo-cl.cz\n","url":"https:\/\/www.eldo-cl.cz\/author\/","identifier":1,"image":{"@type":"ImageObject","@id":"https:\/\/secure.gravatar.com\/avatar\/6b1978a802e1d2522476d4f1a954a19e989b74ba84b3e15a182efb651cc75097?s=96&d=mm&r=g","url":"https:\/\/secure.gravatar.com\/avatar\/6b1978a802e1d2522476d4f1a954a19e989b74ba84b3e15a182efb651cc75097?s=96&d=mm&r=g","height":96,"width":96}},"publisher":{"@type":"Organization","name":"eldo-cl.cz","logo":{"@type":"ImageObject","@id":"\/logo.png","url":"\/logo.png","width":600,"height":60}},"url":"https:\/\/www.eldo-cl.cz\/poridte-si-zimni-zahrady\/","wordCount":176,"articleBody":"Cht\u011bli byste n\u011bjak\u00fdm zp\u016fsobem o\u017eivit a zkr\u00e1\u0161lit v\u00e1\u0161 d\u016fm? S realizac\u00ed na\u0161\u00ed zimn\u00ed zahrady dok\u00e1\u017eete nejen to, tyto zahrady ozvl\u00e1\u0161tn\u00ed exteri\u00e9r i interi\u00e9r va\u0161eho domu, vnesou do n\u011bj zcela nov\u00fd a o\u017eivuj\u00edc\u00ed prvek. Budete p\u0159\u00edmo spjati s p\u0159\u00edrodou a to po cel\u00fd rok. Na\u0161e olomouck\u00e1 firma je p\u0159ipravena na realizaci zimn\u00ed zahrady kdekoli po \u010cesk\u00e9 republice, jsme rovn\u011b\u017e p\u0159ipraveni s pomoc\u00ed p\u0159i v\u00fdb\u011bru materi\u00e1lu, zasklen\u00ed, topen\u00ed i se samotnou p\u0159\u00edpravou pro zah\u00e1jen\u00ed stavby. Na\u0161i odborn\u00ed technici k v\u00e1m p\u0159ijedou za \u00fa\u010delem zam\u011b\u0159en\u00ed a zodpov\u011bzen\u00ed va\u0161ich dotaz\u016f. Na\u0161e slu\u017eby pro va\u0161e pohodl\u00ed Nav\u0161t\u00edv\u00edme v\u00e1s v m\u00edst\u011b stavby, zpracujeme cenovou nab\u00eddku a zkonzultujeme s v\u00e1mi ve\u0161kerou problematiku \u010di nejasnosti. Vyu\u017eijte na\u0161ich bezplatn\u00fdch a nez\u00e1vazn\u00fdch slu\u017eeb pro va\u0161e budouc\u00ed zimn\u00ed zahrady a va\u0161e pohodl\u00ed a relax.                                                                                                                                                                                                                                                                                                                                                                                        4.5\/5 - (2 votes)        "},{"@context":"https:\/\/schema.org\/","@type":"BreadcrumbList","itemListElement":[{"@type":"ListItem","position":1,"name":"Po\u0159i\u010fte si zimn\u00ed zahrady!","item":"https:\/\/www.eldo-cl.cz\/poridte-si-zimni-zahrady\/#breadcrumbitem"}]}]