[{"@context":"https:\/\/schema.org\/","@type":"Article","@id":"https:\/\/www.eldo-cl.cz\/sacek-byva-idealni\/#Article","mainEntityOfPage":"https:\/\/www.eldo-cl.cz\/sacek-byva-idealni\/","headline":"S\u00e1\u010dek b\u00fdv\u00e1 ide\u00e1ln\u00ed","name":"S\u00e1\u010dek b\u00fdv\u00e1 ide\u00e1ln\u00ed","description":"Je spousta v\u011bc\u00ed, kter\u00e9 \u010dlov\u011bk n\u011bkdy pot\u0159ebuje z n\u011bjak\u00e9ho d\u016fvodu do n\u011b\u010deho zabalit. D\u016fvodem tohoto po\u010d\u00edn\u00e1n\u00ed m\u016f\u017ee b\u00fdt dejme tomu touha po uchov\u00e1n\u00ed n\u011b\u010deho v \u010distot\u011b, jindy se t\u00edm m\u00e1 zabr\u00e1nit poztr\u00e1cen\u00ed toho, co by se poztr\u00e1cet rozhodn\u011b nem\u011blo, n\u011bkdy to m\u00e1 zefektivnit vyu\u017eit\u00ed prostoru","datePublished":"2019-04-25","dateModified":"2023-04-27","author":{"@type":"Person","@id":"https:\/\/www.eldo-cl.cz\/author\/#Person","name":"eldo-cl.cz\n","url":"https:\/\/www.eldo-cl.cz\/author\/","identifier":1,"image":{"@type":"ImageObject","@id":"https:\/\/secure.gravatar.com\/avatar\/6b1978a802e1d2522476d4f1a954a19e989b74ba84b3e15a182efb651cc75097?s=96&d=mm&r=g","url":"https:\/\/secure.gravatar.com\/avatar\/6b1978a802e1d2522476d4f1a954a19e989b74ba84b3e15a182efb651cc75097?s=96&d=mm&r=g","height":96,"width":96}},"publisher":{"@type":"Organization","name":"eldo-cl.cz","logo":{"@type":"ImageObject","@id":"\/logo.png","url":"\/logo.png","width":600,"height":60}},"image":{"@type":"ImageObject","@id":"https:\/\/www.eldo-cl.cz\/wp-content\/uploads\/img_a345280_w1707_t1558956336.jpg","url":"https:\/\/www.eldo-cl.cz\/wp-content\/uploads\/img_a345280_w1707_t1558956336.jpg","height":0,"width":0},"url":"https:\/\/www.eldo-cl.cz\/sacek-byva-idealni\/","about":["Produkty"],"wordCount":450,"articleBody":"       Je spousta v\u011bc\u00ed, kter\u00e9 \u010dlov\u011bk n\u011bkdy pot\u0159ebuje z n\u011bjak\u00e9ho d\u016fvodu do n\u011b\u010deho zabalit. D\u016fvodem tohoto po\u010d\u00edn\u00e1n\u00ed m\u016f\u017ee b\u00fdt dejme tomu touha po uchov\u00e1n\u00ed n\u011b\u010deho v \u010distot\u011b, jindy se t\u00edm m\u00e1 zabr\u00e1nit poztr\u00e1cen\u00ed toho, co by se poztr\u00e1cet rozhodn\u011b nem\u011blo, n\u011bkdy to m\u00e1 zefektivnit vyu\u017eit\u00ed prostoru nebo rozd\u011blen\u00ed v\u011bt\u0161\u00edho mno\u017estv\u00ed r\u016fzn\u00fdch v\u011bc\u00ed podle t\u011bch \u010di on\u011bch krit\u00e9ri\u00ed. A p\u0159\u00edmo typick\u00fdm p\u0159\u00edkladem toho, kdy je balen\u00ed nezbytn\u00e9, je pos\u00edl\u00e1n\u00ed z\u00e1silek po\u0161tou nebo t\u0159eba prost\u0159ednictv\u00edm n\u011bjak\u00e9ho kur\u00fdra. Tam to zkr\u00e1tka bez obalu nejde, nechce-li si p\u0159id\u011blat \u010dlov\u011bk starosti t\u0159eba s n\u00e1sledn\u00fdmi reklamacemi. V\u011bci se daj\u00ed balit do lec\u010deho. Do balic\u00edho pap\u00edru, do krabic a krabi\u010dek, do f\u00f3lie oby\u010dejn\u00e9 i bublinkov\u00e9,\u2026 Ale t\u00edm z\u0159ejm\u011b nejide\u00e1ln\u011bj\u0161\u00edm druhem obal\u016f jsou plastov\u00e9 s\u00e1\u010dky se samolep\u00edc\u00ed klopou.  Pro\u010d pr\u00e1v\u011b ty? Je to vlastn\u011b naprosto jednoduch\u00e9.  V\u0161e se do nich d\u00e1 vlo\u017eit v\u00edce ne\u017e snadno. Jednodu\u0161e se to tam vsune a pak se ony s\u00e1\u010dky klopou prost\u011b uzav\u0159ou. A r\u00e1zem je v\u0161e hotov\u00e9; na rozd\u00edl od pap\u00edru \u010di f\u00f3lie, je\u017e je nutno p\u0159edem nast\u0159\u00edhat, v\u0161e pe\u010dliv\u011b sbalit a pak to je\u0161t\u011b d\u016fkladn\u011b p\u0159elepit.  Tyto s\u00e1\u010dky lze naplnit efektivn\u011b, dokonale se zu\u017eitkuje jejich obsah a net\u0159eba tak je\u0161t\u011b vycp\u00e1vat jejich \u00fatroby materi\u00e1lem, za jeho\u017e posl\u00e1n\u00ed se pochopiteln\u011b plat\u00ed t\u00e9\u017e.  Tyto jsou d\u00edky pr\u00e1v\u011b vy\u0159\u010den\u00e9mu tak\u00e9 daleko skladn\u011bj\u0161\u00ed, l\u00e9pe se vyu\u017eije skladovac\u00ed prostor nebo m\u00edsto ve voze.  Jsou i pevn\u00e9, i vod\u011bvzdorn\u00e9, nehroz\u00ed tak jejich protr\u017een\u00ed a po\u0161kozen\u00ed \u010di zni\u010den\u00ed toho uvnit\u0159.  Lze si vybrat z r\u016fzn\u00fdch velikost\u00ed a variant a \u0159e\u0161en\u00ed lze nal\u00e9zt i v p\u0159\u00edpad\u011b, kdy je t\u0159eba n\u011bjak\u00fd ten nestandardn\u00ed rozm\u011br.   A nev\u00fdhody? Ani zde nen\u00ed pochopiteln\u011b dosa\u017eeno naprost\u00e9 dokonalosti, jak u\u017e tomu tak b\u00fdv\u00e1, ale je jich tuze m\u00e1lo. Snad jedin\u011b to, \u017eejde o obal pr\u016fhledn\u00fd a tud\u00ed\u017e ka\u017ed\u00fd m\u016f\u017ee uz\u0159\u00edt to, co je uvnit\u0159. A to u nejedn\u00e9 z\u00e1silky nen\u00ed zrovna \u017e\u00e1douc\u00ed. Ov\u0161em prve zm\u00edn\u011bn\u00e9 p\u0159ednosti tento nedostatek spolehliv\u011b kompenzuj\u00ed. Tak\u017ee na tyto s\u00e1\u010dky nezapome\u0148te, a\u017e bude pot\u0159eba n\u011bco zabalit. Vyplat\u00ed se v\u00e1m.                                                                                                                                                                                                                                                                                                                                                                                          4.5\/5 - (2 votes)        "},{"@context":"https:\/\/schema.org\/","@type":"BreadcrumbList","itemListElement":[{"@type":"ListItem","position":1,"name":"S\u00e1\u010dek b\u00fdv\u00e1 ide\u00e1ln\u00ed","item":"https:\/\/www.eldo-cl.cz\/sacek-byva-idealni\/#breadcrumbitem"}]}]