[{"@context":"https:\/\/schema.org\/","@type":"Article","@id":"https:\/\/www.eldo-cl.cz\/v-jakem-oboru-dnes-podnikat\/#Article","mainEntityOfPage":"https:\/\/www.eldo-cl.cz\/v-jakem-oboru-dnes-podnikat\/","headline":"V jak\u00e9m oboru dnes podnikat?","name":"V jak\u00e9m oboru dnes podnikat?","description":"Na trhu pr\u00e1ce byl je\u0161t\u011b p\u0159ed n\u011bkolika lety v\u00a0\u010cesk\u00e9 republice jen miziv\u00fd z\u00e1jem o \u0159emeslnou v\u00fdrobu. Souvis\u00ed to z\u0159ejm\u011b s\u00a0t\u00edm, \u017ee se v\u011bt\u0161ina mlad\u00fdch lid\u00ed na po\u010d\u00e1tku nov\u00e9ho mil\u00e9nia p\u0159idr\u017eela doporu\u010den\u00ed star\u0161\u00ed generace, zejm\u00e9na jejich rodi\u010d\u016f, a volila jako zp\u016fsob ob\u017eivy uplatn\u011bn\u00ed v\u00a0n\u011bjak\u00e9m oboru, kter\u00fd","datePublished":"2025-03-01","dateModified":"2023-04-27","author":{"@type":"Person","@id":"https:\/\/www.eldo-cl.cz\/author\/#Person","name":"eldo-cl.cz\n","url":"https:\/\/www.eldo-cl.cz\/author\/","identifier":1,"image":{"@type":"ImageObject","@id":"https:\/\/secure.gravatar.com\/avatar\/6b1978a802e1d2522476d4f1a954a19e989b74ba84b3e15a182efb651cc75097?s=96&d=mm&r=g","url":"https:\/\/secure.gravatar.com\/avatar\/6b1978a802e1d2522476d4f1a954a19e989b74ba84b3e15a182efb651cc75097?s=96&d=mm&r=g","height":96,"width":96}},"publisher":{"@type":"Organization","name":"eldo-cl.cz","logo":{"@type":"ImageObject","@id":"\/logo.png","url":"\/logo.png","width":600,"height":60}},"image":{"@type":"ImageObject","@id":"https:\/\/www.eldo-cl.cz\/wp-content\/uploads\/img_a311620_w1707_t1522447333.jpg","url":"https:\/\/www.eldo-cl.cz\/wp-content\/uploads\/img_a311620_w1707_t1522447333.jpg","height":0,"width":0},"url":"https:\/\/www.eldo-cl.cz\/v-jakem-oboru-dnes-podnikat\/","about":["Podnik\u00e1n\u00ed"],"wordCount":483,"articleBody":"Na trhu pr\u00e1ce byl je\u0161t\u011b p\u0159ed n\u011bkolika lety v\u00a0\u010cesk\u00e9 republice jen miziv\u00fd z\u00e1jem o \u0159emeslnou v\u00fdrobu. Souvis\u00ed to z\u0159ejm\u011b s\u00a0t\u00edm, \u017ee se v\u011bt\u0161ina mlad\u00fdch lid\u00ed na po\u010d\u00e1tku nov\u00e9ho mil\u00e9nia p\u0159idr\u017eela doporu\u010den\u00ed star\u0161\u00ed generace, zejm\u00e9na jejich rodi\u010d\u016f, a volila jako zp\u016fsob ob\u017eivy uplatn\u011bn\u00ed v\u00a0n\u011bjak\u00e9m oboru, kter\u00fd vy\u017eaduje vysoko\u0161kolsk\u00e9 vzd\u011bl\u00e1n\u00ed. A tak se stalo, \u017ee se republika plnila vzd\u011blan\u00fdmi lidmi, zat\u00edmco \u0159emesla upadala v\u00a0zapomn\u011bn\u00ed a pohl\u00ed\u017eelo se na n\u011b jako na n\u011bco pohrdav\u00e9ho.Nejmarkantn\u011bj\u0161\u00ed odraz m\u016f\u017eeme zaznamenat na r\u016fzn\u00fdch inzerentech ohledn\u011b pracovn\u00edch nab\u00eddek. Pot\u00ed\u017ee s\u00a0hled\u00e1n\u00edm zam\u011bstn\u00e1n\u00ed rozhodn\u011b nebudou m\u00edt stavebn\u00ed profese, elektromont\u00e9\u0159i, automechanici, peka\u0159i, cukr\u00e1\u0159i a kucha\u0159i. Pokud se rozhodujete podnikat v\u00a0n\u011bkter\u00e9m z\u00a0t\u011bchto obor\u016f, nebo absolvovat rekvalifika\u010dn\u00ed kurs, v\u00a0dlouhodob\u00e9m horizontu v\u00e1s tato pr\u00e1ce u\u017eiv\u00ed. Podm\u00ednkou je snad jen, aby v\u00e1m slou\u017eilo zdrav\u00ed.\tAutomechanici, elektrik\u00e1\u0159i a z\u00e1me\u010dn\u00edci maj\u00ed zelenouZaj\u00edmav\u00e9 je, \u017ee \u0159ada soukrom\u00fdch instalat\u00e9r\u016f, z\u00e1me\u010dn\u00edk\u016f a elektrik\u00e1\u0159\u016f, kte\u0159\u00ed se rozhodli podnikat ji\u017e v\u00a090. letech, prosperuje dodnes bez probl\u00e9m\u016f. M\u011bli odbyti\u0161t\u011b sv\u00fdch v\u00fdrobk\u016f a slu\u017eeb zaji\u0161t\u011bn\u00e9 i v\u00a0dob\u011b hospod\u00e1\u0159sk\u00e9 krize, kter\u00e1 p\u0159ed deseti lety zacloumala sv\u011btem mnohem v\u00edc, ne\u017e sv\u011btov\u00e1 recese p\u0159ed druhou sv\u011btovou v\u00e1lkou. St\u00e1le jsou mezi n\u00e1mi \u0161ikovn\u00ed \u0159emesln\u00edci, kde se tradice vztahu k\u00a0oboru d\u011bd\u00ed genera\u010dn\u011b, a kde si firma nese d\u00e1l sv\u00e9 jm\u00e9no i po dobu des\u00edtek let.Z\u0159ejm\u011b se bl\u00fdsk\u00e1 na lep\u0161\u00ed \u010dasy a p\u00fdcha a p\u0159edsudky v\u00a0souvislosti se vzd\u011bl\u00e1n\u00edm se kamsi vytr\u00e1c\u00ed a pr\u00e1v\u011b ta nejmlad\u0161\u00ed generace se obrac\u00ed sm\u011brem do praktick\u00e9ho \u017eivota. Je\u0161t\u011b p\u0159ed n\u011bkolika lety platilo tvrzen\u00ed, \u017ee kdo nevystudoval gymn\u00e1zium, ten je n\u011bk\u00fdm m\u00e9n\u011bcenn\u00fdm. Odr\u016fst\u00e1 toti\u017e pr\u00e1v\u011b ta v\u011bkov\u00e1 vrstva, kter\u00e1 vysokou \u0161kolu pova\u017eovala za sv\u016fj \u017eivotn\u00ed c\u00edl, a dne\u0161n\u00ed \u017e\u00e1ci z\u00e1kladn\u00edch \u0161kol si \u010dasto berou za vzor sv\u00e9 rodi\u010de, kter\u00e9 dob\u0159e \u017eiv\u00ed pr\u00e1v\u011b \u0159emeslo.\u00a0\u00a0U\u010d\u0148ovsk\u00e9 \u0161kolstv\u00ed dost\u00e1v\u00e1 zelenou, pouze ur\u010dit\u00e9 specifick\u00e9 obory maj\u00ed probl\u00e9m s\u00a0obsazen\u00edm v\u00fdukov\u00fdch ro\u010dn\u00edk\u016f. N\u011bkter\u00e9 u\u010d\u0148ovsk\u00e9 obory musely zredukovat po\u010det t\u0159\u00edd, to se dotklo nap\u0159. mont\u00e1\u017e\u00ed such\u00fdch staveb. Obecn\u011b je o stavebn\u00ed obory mal\u00fd z\u00e1jem u\u017e proto, \u017ee se jedn\u00e1 o typickou sezonn\u00ed pr\u00e1ci, a \u017ee v\u00a0tomto odv\u011btv\u00ed \u0159ada firem p\u0159ij\u00edm\u00e1 i cizince.\u00a0                                                                                                                                                                                                                                                                                                                                                                                        5\/5 - (2 votes)        "},{"@context":"https:\/\/schema.org\/","@type":"BreadcrumbList","itemListElement":[{"@type":"ListItem","position":1,"name":"V jak\u00e9m oboru dnes podnikat?","item":"https:\/\/www.eldo-cl.cz\/v-jakem-oboru-dnes-podnikat\/#breadcrumbitem"}]}]