[{"@context":"https:\/\/schema.org\/","@type":"Article","@id":"https:\/\/www.eldo-cl.cz\/zahreje-i-ozdobi\/#Article","mainEntityOfPage":"https:\/\/www.eldo-cl.cz\/zahreje-i-ozdobi\/","headline":"Zah\u0159eje i ozdob\u00ed","name":"Zah\u0159eje i ozdob\u00ed","description":"Nemus\u00edte m\u00edt obavy, \u017ee se v zim\u011b v posteli neoh\u0159ejete. Pokud se v\u00e1m va\u0161e lo\u017en\u00ed pr\u00e1dlo zd\u00e1 sp\u00ed\u0161 chladiv\u00e9, tak si po\u0159i\u010fte flanelov\u00e9 povle\u010den\u00ed. Jeho v\u00fdhody ocen\u00edte u\u017e prvn\u00ed noc. Je to matri\u00e1l, kter\u00fd si po \u00faprav\u011b ponechal v\u0161echny dobr\u00e9 vlastnosti, na kter\u00e9 jsme zvykl\u00ed","datePublished":"2024-04-15","dateModified":"2024-04-15","author":{"@type":"Person","@id":"https:\/\/www.eldo-cl.cz\/author\/#Person","name":"eldo-cl.cz\n","url":"https:\/\/www.eldo-cl.cz\/author\/","identifier":1,"image":{"@type":"ImageObject","@id":"https:\/\/secure.gravatar.com\/avatar\/6b1978a802e1d2522476d4f1a954a19e989b74ba84b3e15a182efb651cc75097?s=96&d=mm&r=g","url":"https:\/\/secure.gravatar.com\/avatar\/6b1978a802e1d2522476d4f1a954a19e989b74ba84b3e15a182efb651cc75097?s=96&d=mm&r=g","height":96,"width":96}},"publisher":{"@type":"Organization","name":"eldo-cl.cz","logo":{"@type":"ImageObject","@id":"\/logo.png","url":"\/logo.png","width":600,"height":60}},"url":"https:\/\/www.eldo-cl.cz\/zahreje-i-ozdobi\/","wordCount":264,"articleBody":"Nemus\u00edte m\u00edt obavy, \u017ee se v zim\u011b v posteli neoh\u0159ejete. Pokud se v\u00e1m va\u0161e lo\u017en\u00ed pr\u00e1dlo zd\u00e1 sp\u00ed\u0161 chladiv\u00e9, tak si po\u0159i\u010fte flanelov\u00e9 povle\u010den\u00ed. Jeho v\u00fdhody ocen\u00edte u\u017e prvn\u00ed noc. Je to matri\u00e1l, kter\u00fd si po \u00faprav\u011b ponechal v\u0161echny dobr\u00e9 vlastnosti, na kter\u00e9 jsme zvykl\u00ed u bavlny. Je tak v posteli spole\u010dn\u00edkem, kter\u00fd je na dotek neskute\u010dn\u011b p\u0159\u00edjemn\u00fd. Je to materi\u00e1l m\u011bkk\u00fd a velmi h\u0159ejiv\u00fd. Proto se hod\u00ed zejm\u00e9na pro chladn\u00e9 zimn\u00ed m\u011bs\u00edce. K dost\u00e1n\u00ed je v r\u016fzn\u00e9m proveden\u00ed. Vybrat si m\u016f\u017eete ze spousty barev a vzor\u016f, a tak v\u00e1s bude nejen h\u0159\u00e1t, ale bude va\u0161i postel tak\u00e9 n\u00e1dhern\u011b zdobit.\u0160irok\u00fd v\u00fdb\u011br lo\u017en\u00edho pr\u00e1dlaPokud sh\u00e1n\u00edte lo\u017en\u00ed pr\u00e1dlo, kter\u00e9 bude m\u00edt p\u0159esn\u011b takov\u00e9 vlastnosti, jak\u00e9 od n\u011bj o\u010dek\u00e1v\u00e1te, tak zkuste online nab\u00eddku \u010desk\u00e9 rodinn\u00e9 firmy Darr\u00e9. Ta pat\u0159\u00ed ke zku\u0161en\u00fdm v\u00fdrobc\u016fm, kter\u00fdm z\u00e1le\u017e\u00ed p\u0159edev\u0161\u00edm na kvalit\u011b materi\u00e1lu i proveden\u00ed. Nab\u00eddka lo\u017en\u00edho pr\u00e1dla zaujme svou \u0161\u00ed\u0159\u00ed i rozmanitost\u00ed a pot\u011b\u0161\u00ed velmi p\u0159\u00edzniv\u00fdmi cenami. Pro zimn\u00ed obdob\u00ed m\u016f\u017eete vyu\u017e\u00edt nab\u00eddku lo\u017en\u00edho pr\u00e1dla, kter\u00e9 je vyrobeno z p\u0159\u00edjemn\u011b h\u0159ejiv\u00e9ho materi\u00e1lu. Flanelov\u00e9 povle\u010den\u00ed v\u00e1s v \u017e\u00e1dn\u00e9m ohledu nezklame. Je kr\u00e1sn\u00e9 na pohled a skv\u011bl\u00e9 p\u0159i u\u017e\u00edv\u00e1n\u00ed.                                                                                                                                                                                                                                                                                                                                                                                        4\/5 - (1 vote)        "},{"@context":"https:\/\/schema.org\/","@type":"BreadcrumbList","itemListElement":[{"@type":"ListItem","position":1,"name":"Zah\u0159eje i ozdob\u00ed","item":"https:\/\/www.eldo-cl.cz\/zahreje-i-ozdobi\/#breadcrumbitem"}]}]